[{"@context":"https:\/\/schema.org\/","@type":"Article","@id":"https:\/\/www.myvy.cz\/turisticke-cile\/#Article","mainEntityOfPage":"https:\/\/www.myvy.cz\/turisticke-cile\/","headline":"Turistick\u00e9 c\u00edle","name":"Turistick\u00e9 c\u00edle","description":"V okrese samotn\u00e9m je jich samoz\u0159ejm\u011b hodn\u011b, ale my vybereme jedno nav\u0161t\u011bvovan\u00e9 hojn\u011b a druh\u00e9 kam moc lid\u00ed nep\u0159ijde. Ne, \u017ee by o tom m\u00edst\u011b nikdo nev\u011bd\u011bl. T\u00edm prvn\u00edm je [&hellip;]","datePublished":"2023-01-27","dateModified":"2023-07-27","author":{"@type":"Person","@id":"https:\/\/www.myvy.cz\/author\/#Person","name":"","url":"https:\/\/www.myvy.cz\/author\/","identifier":1,"image":{"@type":"ImageObject","@id":"https:\/\/secure.gravatar.com\/avatar\/4faace62981be50719be6a25151192978e6d585737a520836dcb98934de3bb45?s=96&d=mm&r=g","url":"https:\/\/secure.gravatar.com\/avatar\/4faace62981be50719be6a25151192978e6d585737a520836dcb98934de3bb45?s=96&d=mm&r=g","height":96,"width":96}},"publisher":{"@type":"Organization","name":"myvy.cz","logo":{"@type":"ImageObject","@id":"\/logo.png","url":"\/logo.png","width":600,"height":60}},"image":{"@type":"ImageObject","@id":"https:\/\/www.myvy.cz\/wp-content\/uploads\/cabin-1020642_640.jpg","url":"https:\/\/www.myvy.cz\/wp-content\/uploads\/cabin-1020642_640.jpg","height":0,"width":0},"url":"https:\/\/www.myvy.cz\/turisticke-cile\/","about":["Cestov\u00e1n\u00ed"],"wordCount":437,"articleBody":"V okrese samotn\u00e9m je jich samoz\u0159ejm\u011b hodn\u011b, ale my vybereme jedno nav\u0161t\u011bvovan\u00e9 hojn\u011b a druh\u00e9 kam moc lid\u00ed nep\u0159ijde. Ne, \u017ee by o tom m\u00edst\u011b nikdo nev\u011bd\u011bl. T\u00edm prvn\u00edm je docela jist\u011b m\u011bste\u010dko \u0160tramberk. D\u00e1 se sem pohodln\u011b p\u0159ijet vlakem, ale tak\u00e9 autem \u010di autobusem. Nejzaj\u00edmav\u011bj\u0161\u00ed je zde jeskyn\u011b zvan\u00e1 \u0160ipka, ale hlavn\u00ed atrakc\u00ed je zde v\u011b\u017e, zvan\u00e1 \u201etr\u00faba\u201c. N\u00e1zev mohl vzniknout z toho, \u017ee str\u00e1\u017en\u00fd z n\u00ed troubou vyhla\u0161oval p\u0159\u00edpadn\u00e9 bl\u00ed\u017e\u00edc\u00ed se nebezpe\u010d\u00ed a t\u00edm t\u00e9\u017e svol\u00e1val k obran\u011b. \u00a0Pokud sem zajdete, uvid\u00edte okoln\u00ed krajinu z v\u00fd\u0161ky, a nav\u00edc v ka\u017ed\u00e9m ro\u010dn\u00edm obdob\u00ed. Naho\u0159e jsou toti\u017e um\u00edst\u011bn\u00e1 r\u016fznobarevn\u00e1 skla. Pokud se d\u00edv\u00e1te p\u0159es n\u011b, podob\u00e1 se to pohledu v ka\u017ed\u00e9 ro\u010dn\u00ed dob\u011b. Kdy\u017e pak budete v m\u011bste\u010dku, nezapome\u0148te si koupit \u010derstv\u00e9 \u0160trambersk\u00e9 u\u0161i, m\u00edstn\u00ed pochoutku, kter\u00e1 je za tepla naprosto excelentn\u00ed. \u00a0Druh\u00fdm m\u00edstem v t\u00e9m\u017ee okrese je m\u00edsto poutn\u00ed. Nap\u0159\u00edklad ze \u0160tramberku se tam dostanete p\u0159es okresn\u00ed m\u011bsto Nov\u00fd Ji\u010d\u00edn. D\u00e1te se sm\u011brem na Odry a pokra\u010dujete sm\u011br He\u0159m\u00e1nky, p\u0159es kter\u00e9 projedete a d\u00e1te se na Kloko\u010d\u016fvek. Na k\u0159i\u017eovatce se pak d\u00e1te vlevo, ostatn\u011b v\u0161ude jsou cedule s n\u00e1pisem \u201eMaria ve sk\u00e1le\u201c. Pokud se v\u00e1m nechce a\u017e do Lurd, nebo na jin\u00e9 poutn\u00ed m\u00edsto, n\u00e1v\u0161t\u011bvou zdej\u0161\u00ed sochy si m\u016f\u017eete n\u00e1v\u0161t\u011bvu tato vzd\u00e1len\u00e1 m\u00edsta nahradit.\u00a0Zdej\u0161\u00ed krajina je n\u00e1dhern\u00e1 a pokud se vyd\u00e1te proti proudu \u0159eky Odry, uvid\u00edte sami, do jak\u00e9 divo\u010diny jste p\u0159i\u0161li. Nedr\u017ete se zna\u010den\u00e9 stezky a vydejte se vy\u0161lapan\u00fdm chodn\u00ed\u010dkem, kter\u00fd vede i po skal\u00e1ch. Je to trochu obt\u00ed\u017en\u00fd ter\u00e9n, a ne bez nebezpe\u010d\u00ed. Ov\u0161em p\u0159i tro\u0161ce umu a n\u00e1mahy prob\u011bhne cesta v po\u0159\u00e1dku. Je ov\u0161em fakt, \u017ee uklouznut\u00ed na n\u011bkter\u00fdch m\u00edstech m\u016f\u017ee m\u00edt a\u017e fat\u00e1ln\u00ed n\u00e1sledky. Od sochy ve sk\u00e1le m\u016f\u017eete rovn\u011b\u017e vyl\u00e9zt do kopce na Orl\u00ed sk\u00e1lu. Nen\u00ed t\u0159eba horolezeck\u00fdch pom\u016fcek, ale kopec je to prudk\u00fd a vy\u017eaduje zdatn\u00e9ho lezce. Nu\u017ee, do\u010detli jste se o dvou zaj\u00edmav\u00fdch m\u00edstech a je na v\u00e1s, zda se tam pod\u00edv\u00e1te.\u00a0                                                                                                                                                                                                                                                                                                                                                                                        4.2\/5 - (10 votes)        "},{"@context":"https:\/\/schema.org\/","@type":"BreadcrumbList","itemListElement":[{"@type":"ListItem","position":1,"name":"Turistick\u00e9 c\u00edle","item":"https:\/\/www.myvy.cz\/turisticke-cile\/#breadcrumbitem"}]}]