[{"@context":"https:\/\/schema.org\/","@type":"Article","@id":"https:\/\/www.myvy.cz\/pokud-se-clovek-neciti-dobre-mel-by-to-resit\/#Article","mainEntityOfPage":"https:\/\/www.myvy.cz\/pokud-se-clovek-neciti-dobre-mel-by-to-resit\/","headline":"Pokud se \u010dlov\u011bk nec\u00edt\u00ed dob\u0159e, m\u011bl by to \u0159e\u0161it","name":"Pokud se \u010dlov\u011bk nec\u00edt\u00ed dob\u0159e, m\u011bl by to \u0159e\u0161it","description":"Jestli\u017ee se nec\u00edt\u00edte dob\u0159e a to nap\u0159\u00edklad u\u017e del\u0161\u00ed dobu, nem\u011bli byste u\u017e ani chv\u00edli v\u00e1hat a m\u011bli byste se objednat k\u00a0l\u00e9ka\u0159i, a\u0165 se na v\u00e1s rad\u011bji pod\u00edv\u00e1. Jsou lid\u00e9, [&hellip;]","datePublished":"2022-07-23","dateModified":"2023-05-30","author":{"@type":"Person","@id":"https:\/\/www.myvy.cz\/author\/#Person","name":"","url":"https:\/\/www.myvy.cz\/author\/","identifier":1,"image":{"@type":"ImageObject","@id":"https:\/\/secure.gravatar.com\/avatar\/4faace62981be50719be6a25151192978e6d585737a520836dcb98934de3bb45?s=96&d=mm&r=g","url":"https:\/\/secure.gravatar.com\/avatar\/4faace62981be50719be6a25151192978e6d585737a520836dcb98934de3bb45?s=96&d=mm&r=g","height":96,"width":96}},"publisher":{"@type":"Organization","name":"myvy.cz","logo":{"@type":"ImageObject","@id":"\/logo.png","url":"\/logo.png","width":600,"height":60}},"image":{"@type":"ImageObject","@id":"https:\/\/myvy.cz\/wp-content\/uploads\/n%C3%A1%C4%8Din%C3%AD%20pro%20l%C3%A9ka%C5%99e.JPG","url":"https:\/\/myvy.cz\/wp-content\/uploads\/n%C3%A1%C4%8Din%C3%AD%20pro%20l%C3%A9ka%C5%99e.JPG","height":"","width":""},"url":"https:\/\/www.myvy.cz\/pokud-se-clovek-neciti-dobre-mel-by-to-resit\/","about":["Zdrav\u00ed"],"wordCount":463,"articleBody":"Jestli\u017ee se nec\u00edt\u00edte dob\u0159e a to nap\u0159\u00edklad u\u017e del\u0161\u00ed dobu, nem\u011bli byste u\u017e ani chv\u00edli v\u00e1hat a m\u011bli byste se objednat k\u00a0l\u00e9ka\u0159i, a\u0165 se na v\u00e1s rad\u011bji pod\u00edv\u00e1.Jsou lid\u00e9, kte\u0159\u00ed se ji\u017e del\u0161\u00ed dobu nec\u00edt\u00ed dob\u0159e a kte\u0159\u00ed by opravdu pot\u0159ebovali, aby se na n\u011b n\u011bkdo pod\u00edval, ale nejsou schopni naj\u00edt si \u010das, aby za\u0161li ke sv\u00e9mu l\u00e9ka\u0159i, aby se na n\u011bj pod\u00edval. M\u011bli by to ale co nejd\u0159\u00edve zm\u011bnit, proto\u017ee nikdy nev\u00edte, jak\u00e1 nemoc se u v\u00e1s m\u016f\u017ee objevit.\u00a0Dnes jsou r\u016fzn\u00e9 nemoci a v\u011b\u0159te, \u017ee to s\u00a0\u010dlov\u011bkem nemus\u00ed dopadnout p\u0159\u00edli\u0161 dob\u0159e, pokud se dan\u00e1 nemoc nepodchyt\u00ed v\u010das.\u00a0I pokud se u v\u00e1s objevuje to, \u017ee je v\u00e1m chv\u00edli dob\u0159e a chv\u00edli zase zle, m\u011bli byste k\u00a0va\u0161emu l\u00e9ka\u0159i zav\u00edtat, aby se na v\u00e1s pod\u00edval.V\u011b\u0159\u00edme, \u017ee pokud by se n\u011bco na\u0161lo, jist\u011b by v\u00e1m l\u00e9ka\u0159 p\u0159edepsal n\u011bjak\u00e9 l\u00e9ky, kter\u00e9 v\u00e1m od probl\u00e9m\u016f pomohou. N\u011bkter\u00e9 probl\u00e9my mohou s\u00a0\u010dlov\u011bkem zato\u010dit natolik, \u017ee to bude m\u00edt vliv nejen na jeho fyzickou pohodu, ale tak\u00e9 na pohodu psychickou.N\u011bkter\u00e9 nemoci se velmi \u0161patn\u011b sn\u00e1\u0161ej\u00ed po obou stran\u00e1ch a to zejm\u00e9na, pokud se ned\u00e1 dan\u00e1 nemoc ji\u017e vyl\u00e9\u010dit a \u010dlov\u011bk v\u00ed, \u017ee m\u00e1 maxim\u00e1ln\u011b rok \u017eivota. I n\u011bco takov\u00e9ho se v\u00a0dne\u0161n\u00ed dob\u011b st\u00e1le st\u00e1v\u00e1, proto\u017ee na n\u011bkter\u00e9 nemoci st\u00e1le neexistuje dostate\u010dn\u011b kvalitn\u00ed l\u00e9k, kter\u00fd by mohl \u010dlov\u011bka zachr\u00e1nit.V\u017edy byste se m\u011bli o sv\u00e9 zdrav\u00ed dostate\u010dn\u011b starat, proto\u017ee jedin\u011b tak se m\u016f\u017eete \u0161patn\u00fdm v\u011bcem a tak\u00e9 nemocem vyhnout.V\u00e1\u0161 l\u00e9ka\u0159 jist\u011b nebude m\u00edt probl\u00e9m pod\u00edvat se na v\u00e1s a vyslechnout si va\u0161e probl\u00e9my a pokud se mu n\u011bco nebude zd\u00e1t, je schopen v\u00e1m d\u00e1t \u017e\u00e1danku na speci\u00e1ln\u00ed vy\u0161et\u0159en\u00ed, kde si zavol\u00e1te a objedn\u00e1te se.\u00a0Mnoho v\u011bc\u00ed se d\u00e1 dnes odhalit. Sta\u010d\u00ed ale nezanedb\u00e1vat dan\u00e9 probl\u00e9my a zaj\u00edt k\u00a0l\u00e9ka\u0159i.\u00a0V\u011b\u0159te, \u017ee mnoho nemoc\u00ed se d\u00e1 l\u00e9\u010dit, tak\u017ee je mo\u017en\u00e9, \u017ee se jist\u011b p\u0159ijde na to, co v\u00e1s tr\u00e1p\u00ed a jak danou nemoc vyl\u00e9\u010dit. Sta\u010d\u00ed jen zaj\u00edt tam, kde se na v\u00e1s pod\u00edvaj\u00ed a ud\u011blaj\u00ed rozbor toho, co by v\u00e1s mohlo tr\u00e1pit.                                                                                                                                                                                                                                                                                                                                                                                        4.1\/5 - (7 votes)        "},{"@context":"https:\/\/schema.org\/","@type":"BreadcrumbList","itemListElement":[{"@type":"ListItem","position":1,"name":"Pokud se \u010dlov\u011bk nec\u00edt\u00ed dob\u0159e, m\u011bl by to \u0159e\u0161it","item":"https:\/\/www.myvy.cz\/pokud-se-clovek-neciti-dobre-mel-by-to-resit\/#breadcrumbitem"}]}]