[{"@context":"https:\/\/schema.org\/","@type":"Blog","@id":"https:\/\/www.myvy.cz#Blog","headline":"Myvy","description":"\nEkonomika funguje, jak zn\u00e1mo, tak, \u017ee \u010dlov\u011bk nashrom\u00e1\u017ed\u00ed pot\u0159ebn\u00e9 pen\u00edze a pak si za n\u011b koup\u00ed to, co pot\u0159ebuje. Jen\u017ee co kdy\u017e ony pen\u00edze sehnat nedok\u00e1\u017ee?","url":"https:\/\/www.myvy.cz","hasPart":[{"@type":"Article","@id":"https:\/\/www.myvy.cz\/komu-vdecime-za-svetlo\/","headline":"Komu vd\u011b\u010d\u00edme za sv\u011btlo?","url":"https:\/\/www.myvy.cz\/komu-vdecime-za-svetlo\/","datePublished":"2022-07-08","dateModified":"2023-05-30","mainEntityOfPage":"https:\/\/www.myvy.cz\/komu-vdecime-za-svetlo\/","author":{"@type":"Person","@id":"https:\/\/www.myvy.cz\/author\/#Person","name":"","url":"https:\/\/www.myvy.cz\/author\/","identifier":1,"image":{"@type":"ImageObject","@id":"https:\/\/secure.gravatar.com\/avatar\/4faace62981be50719be6a25151192978e6d585737a520836dcb98934de3bb45?s=96&d=mm&r=g","url":"https:\/\/secure.gravatar.com\/avatar\/4faace62981be50719be6a25151192978e6d585737a520836dcb98934de3bb45?s=96&d=mm&r=g","height":96,"width":96}},"publisher":{"@type":"Organization","name":"myvy.cz","logo":{"@type":"ImageObject","@id":"\/logo.png","url":"\/logo.png","width":600,"height":60}},"image":{"@type":"ImageObject","@id":"https:\/\/www.myvy.cz\/wp-content\/uploads\/elektrick%C3%A9%20osv%C4%9Btlen%C3%AD_1.jpg","url":"https:\/\/www.myvy.cz\/wp-content\/uploads\/elektrick%C3%A9%20osv%C4%9Btlen%C3%AD_1.jpg","height":0,"width":0},"wordCount":791,"keywords":null},{"@type":"Article","@id":"https:\/\/www.myvy.cz\/kam-postavit-nejlepsi-umele-kvetiny\/","headline":"Kam postavit nejlep\u0161\u00ed um\u011bl\u00e9 kv\u011btiny","url":"https:\/\/www.myvy.cz\/kam-postavit-nejlepsi-umele-kvetiny\/","datePublished":"2022-07-08","dateModified":"2023-05-30","mainEntityOfPage":"https:\/\/www.myvy.cz\/kam-postavit-nejlepsi-umele-kvetiny\/","author":{"@type":"Person","@id":"https:\/\/www.myvy.cz\/author\/#Person","name":"","url":"https:\/\/www.myvy.cz\/author\/","identifier":1,"image":{"@type":"ImageObject","@id":"https:\/\/secure.gravatar.com\/avatar\/4faace62981be50719be6a25151192978e6d585737a520836dcb98934de3bb45?s=96&d=mm&r=g","url":"https:\/\/secure.gravatar.com\/avatar\/4faace62981be50719be6a25151192978e6d585737a520836dcb98934de3bb45?s=96&d=mm&r=g","height":96,"width":96}},"publisher":{"@type":"Organization","name":"myvy.cz","logo":{"@type":"ImageObject","@id":"\/logo.png","url":"\/logo.png","width":600,"height":60}},"image":{"@type":"ImageObject","@id":"https:\/\/www.myvy.cz\/wp-content\/uploads\/tulips-3299450_640.jpg","url":"https:\/\/www.myvy.cz\/wp-content\/uploads\/tulips-3299450_640.jpg","height":0,"width":0},"wordCount":587,"keywords":null},{"@type":"Article","@id":"https:\/\/www.myvy.cz\/opraveny-notebook\/","headline":"Opraven\u00fd notebook","url":"https:\/\/www.myvy.cz\/opraveny-notebook\/","datePublished":"2022-06-23","dateModified":"2023-05-30","mainEntityOfPage":"https:\/\/www.myvy.cz\/opraveny-notebook\/","author":{"@type":"Person","@id":"https:\/\/www.myvy.cz\/author\/#Person","name":"","url":"https:\/\/www.myvy.cz\/author\/","identifier":1,"image":{"@type":"ImageObject","@id":"https:\/\/secure.gravatar.com\/avatar\/4faace62981be50719be6a25151192978e6d585737a520836dcb98934de3bb45?s=96&d=mm&r=g","url":"https:\/\/secure.gravatar.com\/avatar\/4faace62981be50719be6a25151192978e6d585737a520836dcb98934de3bb45?s=96&d=mm&r=g","height":96,"width":96}},"publisher":{"@type":"Organization","name":"myvy.cz","logo":{"@type":"ImageObject","@id":"\/logo.png","url":"\/logo.png","width":600,"height":60}},"image":{"@type":"ImageObject","@id":"https:\/\/www.myvy.cz\/wp-content\/uploads\/laptop-1842297_960_720.jpg","url":"https:\/\/www.myvy.cz\/wp-content\/uploads\/laptop-1842297_960_720.jpg","height":0,"width":0},"wordCount":539,"keywords":null},{"@type":"Article","@id":"https:\/\/www.myvy.cz\/ve-zdravem-tele-zdravy-duch\/","headline":"Ve zdrav\u00e9m t\u011ble &#8211; zdrav\u00fd duch","url":"https:\/\/www.myvy.cz\/ve-zdravem-tele-zdravy-duch\/","datePublished":"2022-05-12","dateModified":"2023-05-30","mainEntityOfPage":"https:\/\/www.myvy.cz\/ve-zdravem-tele-zdravy-duch\/","author":{"@type":"Person","@id":"https:\/\/www.myvy.cz\/author\/#Person","name":"","url":"https:\/\/www.myvy.cz\/author\/","identifier":1,"image":{"@type":"ImageObject","@id":"https:\/\/secure.gravatar.com\/avatar\/4faace62981be50719be6a25151192978e6d585737a520836dcb98934de3bb45?s=96&d=mm&r=g","url":"https:\/\/secure.gravatar.com\/avatar\/4faace62981be50719be6a25151192978e6d585737a520836dcb98934de3bb45?s=96&d=mm&r=g","height":96,"width":96}},"publisher":{"@type":"Organization","name":"myvy.cz","logo":{"@type":"ImageObject","@id":"\/logo.png","url":"\/logo.png","width":600,"height":60}},"image":{"@type":"ImageObject","@id":"https:\/\/www.myvy.cz\/wp-content\/uploads\/woman-1822459_640.jpg","url":"https:\/\/www.myvy.cz\/wp-content\/uploads\/woman-1822459_640.jpg","height":0,"width":0},"wordCount":494,"keywords":null},{"@type":"Article","@id":"https:\/\/www.myvy.cz\/byt-bytovym-architektem-neni-snadne\/","headline":"B\u00fdt bytov\u00fdm architektem nen\u00ed snadn\u00e9","url":"https:\/\/www.myvy.cz\/byt-bytovym-architektem-neni-snadne\/","datePublished":"2022-03-31","dateModified":"2022-03-31","mainEntityOfPage":"https:\/\/www.myvy.cz\/byt-bytovym-architektem-neni-snadne\/","author":{"@type":"Person","@id":"https:\/\/www.myvy.cz\/author\/#Person","name":"","url":"https:\/\/www.myvy.cz\/author\/","identifier":1,"image":{"@type":"ImageObject","@id":"https:\/\/secure.gravatar.com\/avatar\/4faace62981be50719be6a25151192978e6d585737a520836dcb98934de3bb45?s=96&d=mm&r=g","url":"https:\/\/secure.gravatar.com\/avatar\/4faace62981be50719be6a25151192978e6d585737a520836dcb98934de3bb45?s=96&d=mm&r=g","height":96,"width":96}},"publisher":{"@type":"Organization","name":"myvy.cz","logo":{"@type":"ImageObject","@id":"\/logo.png","url":"\/logo.png","width":600,"height":60}},"image":{"@type":"ImageObject","@id":"https:\/\/www.myvy.cz\/wp-content\/uploads\/postel%20v%20lo%C5%BEnici.JPG","url":"https:\/\/www.myvy.cz\/wp-content\/uploads\/postel%20v%20lo%C5%BEnici.JPG","height":0,"width":0},"wordCount":664,"keywords":null},{"@type":"Article","@id":"https:\/\/www.myvy.cz\/laska-k-sobe\/","headline":"L\u00e1ska k sob\u011b","url":"https:\/\/www.myvy.cz\/laska-k-sobe\/","datePublished":"2022-03-30","dateModified":"2022-03-30","mainEntityOfPage":"https:\/\/www.myvy.cz\/laska-k-sobe\/","author":{"@type":"Person","@id":"https:\/\/www.myvy.cz\/author\/#Person","name":"","url":"https:\/\/www.myvy.cz\/author\/","identifier":1,"image":{"@type":"ImageObject","@id":"https:\/\/secure.gravatar.com\/avatar\/4faace62981be50719be6a25151192978e6d585737a520836dcb98934de3bb45?s=96&d=mm&r=g","url":"https:\/\/secure.gravatar.com\/avatar\/4faace62981be50719be6a25151192978e6d585737a520836dcb98934de3bb45?s=96&d=mm&r=g","height":96,"width":96}},"publisher":{"@type":"Organization","name":"myvy.cz","logo":{"@type":"ImageObject","@id":"\/logo.png","url":"\/logo.png","width":600,"height":60}},"image":{"@type":"ImageObject","@id":"https:\/\/www.myvy.cz\/wp-content\/uploads\/sexy-gc639c0edc_640_4.jpg","url":"https:\/\/www.myvy.cz\/wp-content\/uploads\/sexy-gc639c0edc_640_4.jpg","height":0,"width":0},"wordCount":612,"keywords":null},{"@type":"Article","@id":"https:\/\/www.myvy.cz\/retro-stolky-se-vraci-zpatky\/","headline":"Retro stolky se vrac\u00ed zp\u00e1tky","url":"https:\/\/www.myvy.cz\/retro-stolky-se-vraci-zpatky\/","datePublished":"2022-03-24","dateModified":"2022-03-24","mainEntityOfPage":"https:\/\/www.myvy.cz\/retro-stolky-se-vraci-zpatky\/","author":{"@type":"Person","@id":"https:\/\/www.myvy.cz\/author\/#Person","name":"","url":"https:\/\/www.myvy.cz\/author\/","identifier":1,"image":{"@type":"ImageObject","@id":"https:\/\/secure.gravatar.com\/avatar\/4faace62981be50719be6a25151192978e6d585737a520836dcb98934de3bb45?s=96&d=mm&r=g","url":"https:\/\/secure.gravatar.com\/avatar\/4faace62981be50719be6a25151192978e6d585737a520836dcb98934de3bb45?s=96&d=mm&r=g","height":96,"width":96}},"publisher":{"@type":"Organization","name":"myvy.cz","logo":{"@type":"ImageObject","@id":"\/logo.png","url":"\/logo.png","width":600,"height":60}},"image":{"@type":"ImageObject","@id":"https:\/\/www.myvy.cz\/wp-content\/uploads\/vintage-wood-table-picture-id178851506.jpg","url":"https:\/\/www.myvy.cz\/wp-content\/uploads\/vintage-wood-table-picture-id178851506.jpg","height":0,"width":0},"wordCount":590,"keywords":null},{"@type":"Article","@id":"https:\/\/www.myvy.cz\/krasna-laska\/","headline":"Kr\u00e1sn\u00e1 l\u00e1ska","url":"https:\/\/www.myvy.cz\/krasna-laska\/","datePublished":"2022-03-09","dateModified":"2023-05-30","mainEntityOfPage":"https:\/\/www.myvy.cz\/krasna-laska\/","author":{"@type":"Person","@id":"https:\/\/www.myvy.cz\/author\/#Person","name":"","url":"https:\/\/www.myvy.cz\/author\/","identifier":1,"image":{"@type":"ImageObject","@id":"https:\/\/secure.gravatar.com\/avatar\/4faace62981be50719be6a25151192978e6d585737a520836dcb98934de3bb45?s=96&d=mm&r=g","url":"https:\/\/secure.gravatar.com\/avatar\/4faace62981be50719be6a25151192978e6d585737a520836dcb98934de3bb45?s=96&d=mm&r=g","height":96,"width":96}},"publisher":{"@type":"Organization","name":"myvy.cz","logo":{"@type":"ImageObject","@id":"\/logo.png","url":"\/logo.png","width":600,"height":60}},"image":{"@type":"ImageObject","@id":"https:\/\/www.myvy.cz\/wp-content\/uploads\/couple-3798371_960_720_2.jpg","url":"https:\/\/www.myvy.cz\/wp-content\/uploads\/couple-3798371_960_720_2.jpg","height":0,"width":0},"wordCount":570,"keywords":null},{"@type":"Article","@id":"https:\/\/www.myvy.cz\/pujcka-to-vyresi\/","headline":"P\u016fj\u010dka to vy\u0159e\u0161\u00ed","url":"https:\/\/www.myvy.cz\/pujcka-to-vyresi\/","datePublished":"2022-01-28","dateModified":"2022-01-28","mainEntityOfPage":"https:\/\/www.myvy.cz\/pujcka-to-vyresi\/","author":{"@type":"Person","@id":"https:\/\/www.myvy.cz\/author\/#Person","name":"","url":"https:\/\/www.myvy.cz\/author\/","identifier":1,"image":{"@type":"ImageObject","@id":"https:\/\/secure.gravatar.com\/avatar\/4faace62981be50719be6a25151192978e6d585737a520836dcb98934de3bb45?s=96&d=mm&r=g","url":"https:\/\/secure.gravatar.com\/avatar\/4faace62981be50719be6a25151192978e6d585737a520836dcb98934de3bb45?s=96&d=mm&r=g","height":96,"width":96}},"publisher":{"@type":"Organization","name":"myvy.cz","logo":{"@type":"ImageObject","@id":"\/logo.png","url":"\/logo.png","width":600,"height":60}},"image":{"@type":"ImageObject","@id":"https:\/\/www.myvy.cz\/wp-content\/uploads\/star%C3%A9%20mince_6.jpg","url":"https:\/\/www.myvy.cz\/wp-content\/uploads\/star%C3%A9%20mince_6.jpg","height":0,"width":0},"wordCount":624,"keywords":null},{"@type":"Article","@id":"https:\/\/www.myvy.cz\/solarni-plachta\/","headline":"Sol\u00e1rn\u00ed plachta","url":"https:\/\/www.myvy.cz\/solarni-plachta\/","datePublished":"2021-12-28","dateModified":"2021-12-28","mainEntityOfPage":"https:\/\/www.myvy.cz\/solarni-plachta\/","author":{"@type":"Person","@id":"https:\/\/www.myvy.cz\/author\/#Person","name":"","url":"https:\/\/www.myvy.cz\/author\/","identifier":1,"image":{"@type":"ImageObject","@id":"https:\/\/secure.gravatar.com\/avatar\/4faace62981be50719be6a25151192978e6d585737a520836dcb98934de3bb45?s=96&d=mm&r=g","url":"https:\/\/secure.gravatar.com\/avatar\/4faace62981be50719be6a25151192978e6d585737a520836dcb98934de3bb45?s=96&d=mm&r=g","height":96,"width":96}},"publisher":{"@type":"Organization","name":"myvy.cz","logo":{"@type":"ImageObject","@id":"\/logo.png","url":"\/logo.png","width":600,"height":60}},"image":{"@type":"ImageObject","@id":"https:\/\/www.myvy.cz\/wp-content\/uploads\/young-woman-gd1ae49174_1920.jpg","url":"https:\/\/www.myvy.cz\/wp-content\/uploads\/young-woman-gd1ae49174_1920.jpg","height":0,"width":0},"wordCount":547,"keywords":null}]},{"@context":"https:\/\/schema.org","@type":"WebSite","@id":"https:\/\/www.myvy.cz\/#website","name":"Myvy","url":"https:\/\/www.myvy.cz","potentialAction":{"@type":"SearchAction","target":"https:\/\/www.myvy.cz\/?s={search_term_string}","query-input":"required name=search_term_string"}}]