[{"@context":"https:\/\/schema.org\/","@type":"Article","@id":"https:\/\/www.myvy.cz\/laska-a-muzi\/#Article","mainEntityOfPage":"https:\/\/www.myvy.cz\/laska-a-muzi\/","headline":"L\u00e1ska a mu\u017ei","name":"L\u00e1ska a mu\u017ei","description":"V dne\u0161n\u00ed dob\u011b je opravdu jednoduch\u00e9 se zamilovat. A to t\u0159eba zamilovat se taky na prvn\u00ed pohled. A kdy\u017e jsem si myslela, \u017ee jsem se zamilovala na prvn\u00ed pohled do [&hellip;]","datePublished":"2023-02-28","dateModified":"2023-05-30","author":{"@type":"Person","@id":"https:\/\/www.myvy.cz\/author\/#Person","name":"","url":"https:\/\/www.myvy.cz\/author\/","identifier":1,"image":{"@type":"ImageObject","@id":"https:\/\/secure.gravatar.com\/avatar\/4faace62981be50719be6a25151192978e6d585737a520836dcb98934de3bb45?s=96&d=mm&r=g","url":"https:\/\/secure.gravatar.com\/avatar\/4faace62981be50719be6a25151192978e6d585737a520836dcb98934de3bb45?s=96&d=mm&r=g","height":96,"width":96}},"publisher":{"@type":"Organization","name":"myvy.cz","logo":{"@type":"ImageObject","@id":"\/logo.png","url":"\/logo.png","width":600,"height":60}},"image":{"@type":"ImageObject","@id":"https:\/\/www.myvy.cz\/wp-content\/uploads\/rose-5806178_960_720.jpg","url":"https:\/\/www.myvy.cz\/wp-content\/uploads\/rose-5806178_960_720.jpg","height":0,"width":0},"url":"https:\/\/www.myvy.cz\/laska-a-muzi\/","about":["L\u00e1ska"],"wordCount":427,"articleBody":"V dne\u0161n\u00ed dob\u011b je opravdu jednoduch\u00e9 se zamilovat. A to t\u0159eba zamilovat se taky na prvn\u00ed pohled. A kdy\u017e jsem si myslela, \u017ee jsem se zamilovala na prvn\u00ed pohled do sv\u00e9ho prvn\u00edho p\u0159\u00edtele, tak jsem byla asi na omylu nebo jsem m\u011bla r\u016f\u017eov\u00e9 br\u00fdle, proto\u017ee absolutn\u011b nedok\u00e1\u017eu pochopit, jak se \u010dlov\u011bk m\u016f\u017ee zamilovat do n\u011bkoho, kdo d\u011bl\u00e1 st\u00e1le jenom n\u011bjak\u00e9 probl\u00e9my anebo ml\u00e1t\u00ed lidi. M\u011b z tehdy bylo sedmn\u00e1ct let a m\u00e9mu tehdy vyvolen\u00e9mu p\u0159\u00edteli bylo dvacet jedna let. Mysl\u00edm si, \u017ee je to docela takov\u00fd velk\u00fd v\u011bkov\u00fd rozd\u00edl, ne\u017e t\u0159eba kdy\u017e je n\u011bkomu t\u0159icet a n\u011bkomu\u00a0t\u0159icet\u00a0\u0161est let. A jist\u011b, \u017ee takov\u00fd v\u011bkov\u00fd rozd\u00edl v l\u00e1sce u\u017e samoz\u0159ejm\u011b jde, ale moje m\u00e1ma s otcem nebyli v\u016fbec spokojen\u00ed a nad\u0161en\u00ed, kdy\u017e jsem chodila s tak star\u0161\u00edm klukem. J\u00e1 jsem s n\u00edm chodila jenom kv\u016fli tomu, \u017ee jsem ho \u0161\u00edlen\u011b milovala. A byla to opravdu l\u00e1ska na prvn\u00ed pohled a j\u00e1 jsem se sv\u00e9ho p\u0159\u00edtele nemohla v\u016fbec naba\u017eit. T\u0159eba mo\u017en\u00e1 to bylo taky kv\u016fli tomu, \u017ee on byl moje velk\u00e1 prvn\u00ed l\u00e1ska. Tak je to mo\u017en\u00e1 bylo t\u00edm, \u017ee u\u017e m\u011bl auto a \u017ee byl takov\u00fd velice popul\u00e1rn\u00ed a byl taky bohat\u00fd, tak\u017ee si mohlo dovolovat kupovat opravdu drah\u00e9 v\u011bci. A tohle mi opravdu hodn\u011b imponovalo. Jenom\u017ee postupem \u010dasu jsem se dozv\u011bd\u011bla, \u017ee je to jenom arogantn\u00ed floutek a blbe\u010dek, kter\u00fd si nezaslou\u017e\u00ed mou l\u00e1sku ani pozornost nikoho jin\u00e9ho. Tak\u017ee jsem se s n\u00edm po p\u016fl roce cht\u011bla rozej\u00edt. Jenom\u017ee to taky bylo velice slo\u017eit\u00e9. Od sv\u00e9ho p\u0159\u00edtele jsem dostala asi t\u0159i nebo \u010dty\u0159i facky a potom m\u011b jenom ur\u00e1\u017eel a zesm\u011b\u0161\u0148oval. Byla jsem nakonec r\u00e1da, kdy\u017e mi po m\u011bs\u00edci dal u\u017e \u00fapln\u011b pokoj a nev\u0161\u00edmal si m\u011b. A na\u0161el si\u00a0jinou\u00a0ob\u011b\u0165. To mi t\u00e9 \u017eeny bylo opravdu hodn\u011b l\u00edto, ale mysl\u00edm si, \u017ee s n\u00edm by to taky asi toho nevydr\u017eela. Tak\u017ee si\u00a0opravdu\u00a0dejte\u00a0pozor, komu d\u00e1v\u00e1te svou l\u00e1sku a s k\u00fdm udr\u017eujete dobr\u00e9 vztahy. N\u011bkdy je to v\u00e1\u017en\u011b dost slo\u017eit\u00e9, tak\u017ee i u l\u00e1sky to chce myslet.\u00a0                                                                                                                                                                                                                                                                                                                                                                                        4.8\/5 - (9 votes)        "},{"@context":"https:\/\/schema.org\/","@type":"BreadcrumbList","itemListElement":[{"@type":"ListItem","position":1,"name":"L\u00e1ska a mu\u017ei","item":"https:\/\/www.myvy.cz\/laska-a-muzi\/#breadcrumbitem"}]}]