[{"@context":"https:\/\/schema.org\/","@type":"Article","@id":"https:\/\/www.myvy.cz\/krasna-laska\/#Article","mainEntityOfPage":"https:\/\/www.myvy.cz\/krasna-laska\/","headline":"Kr\u00e1sn\u00e1 l\u00e1ska","name":"Kr\u00e1sn\u00e1 l\u00e1ska","description":"Mus\u00edm se v\u00e1m n\u011b\u010demu p\u0159iznat. Kdy\u017e mi je\u0161t\u011b bylo asi dvacet p\u011bt let, tak jsem si \u0159\u00edkala, \u017ee asi nikdy cht\u00edt d\u00edt\u011b nebudu. P\u0159izn\u00e1v\u00e1m se, \u017ee m\u011b to d\u00edt\u011bti v\u016fbec [&hellip;]","datePublished":"2022-03-09","dateModified":"2023-05-30","author":{"@type":"Person","@id":"https:\/\/www.myvy.cz\/author\/#Person","name":"","url":"https:\/\/www.myvy.cz\/author\/","identifier":1,"image":{"@type":"ImageObject","@id":"https:\/\/secure.gravatar.com\/avatar\/4faace62981be50719be6a25151192978e6d585737a520836dcb98934de3bb45?s=96&d=mm&r=g","url":"https:\/\/secure.gravatar.com\/avatar\/4faace62981be50719be6a25151192978e6d585737a520836dcb98934de3bb45?s=96&d=mm&r=g","height":96,"width":96}},"publisher":{"@type":"Organization","name":"myvy.cz","logo":{"@type":"ImageObject","@id":"\/logo.png","url":"\/logo.png","width":600,"height":60}},"image":{"@type":"ImageObject","@id":"https:\/\/www.myvy.cz\/wp-content\/uploads\/couple-3798371_960_720_2.jpg","url":"https:\/\/www.myvy.cz\/wp-content\/uploads\/couple-3798371_960_720_2.jpg","height":0,"width":0},"url":"https:\/\/www.myvy.cz\/krasna-laska\/","about":["L\u00e1ska"],"wordCount":452,"articleBody":"Mus\u00edm se v\u00e1m n\u011b\u010demu p\u0159iznat. Kdy\u017e mi je\u0161t\u011b bylo asi dvacet p\u011bt let, tak jsem si \u0159\u00edkala, \u017ee asi nikdy cht\u00edt d\u00edt\u011b nebudu. P\u0159izn\u00e1v\u00e1m se, \u017ee m\u011b to d\u00edt\u011bti v\u016fbec net\u00e1hlo. Ale jen abyste to pochopili dob\u0159e. D\u011bti jsem m\u011bla r\u00e1da a m\u011bla jsem dva synovce a m\u00e1m taky nete\u0159e a m\u00e1m je opravdu hodn\u011b r\u00e1da. A taky jsem s nimi chodila ven anebo na pou\u0165. Jenom\u017ee jsem si nedok\u00e1zala p\u0159edstavit, \u017ee j\u00e1 bych byla m\u00e1ma. Nedok\u00e1zala jsem si p\u0159edstavit, \u017ee bych nemohla chodit na diskot\u00e9ky nebo n\u011bkam do baru anebo se bavit s p\u0159\u00e1teli nebo dlouho o v\u00edkendu sp\u00e1t. Proto\u017ee m\u00e1m sice n\u00e1ro\u010dnou pr\u00e1ci, kde d\u011bl\u00e1m osmn\u00e1ct hodin denn\u011b, potom m\u00e1m taky dva nebo t\u0159i dny volno, ale kdy\u017e m\u00e1m volno, tak chci sp\u00e1t opravdu dlouho, n\u011bkdy a\u017e do odpoledne. A to, kdybych m\u011bla d\u00edt\u011b, tak by to samoz\u0159ejm\u011b v\u016fbec ne\u0161lo. Jenom\u017ee potom vypadl t\u0159ic\u00e1t\u00fd rok, byla jsem do p\u0159\u00edtele zamilovan\u00e1 a v\u00edm, \u017ee to byla opravdu l\u00e1ska na prvn\u00ed pohled a mo\u017en\u00e1 taky l\u00e1ska a\u017e za hrob. P\u0159\u00edtel taky d\u00edt\u011b ani moc necht\u011bl. Tak\u017ee jsme si \u0159ekli, \u017ee si rozum\u00edme v tomhle ohledu, co\u017e bylo prima. Jenom\u017ee jsem si \u0159ekla, \u017ee bych potom toho mohla potom litovat. Tak\u017ee jsem ot\u011bhotn\u011bla. P\u0159\u00edtel d\u00edt\u011b v\u016fbec necht\u011bl, tak se se mnou roze\u0161el. A j\u00e1, kdy\u017e jsem potom porodila d\u00edt\u011b, tak mus\u00edm \u0159\u00edct, \u017ee to byla l\u00e1ska na prvn\u00ed pohled. A uzn\u00e1v\u00e1m, \u017ee mate\u0159sk\u00e1 l\u00e1ska je opravdu perfektn\u00ed a dokonal\u00e1. A taky, \u017ee l\u00e1ska k d\u00edt\u011bti je takov\u00fd cit. kter\u00fd nikde jinde nepoc\u00edt\u00edte, proto\u017ee to je n\u011bco v\u00fdjime\u010dn\u00e9ho a moc kr\u00e1sn\u00e9ho, \u017ee vy\u0161\u0161\u00ed cit jsme nikdy nepoznala. Jsem r\u00e1da, \u017ee u\u017e m\u00e1m \u0161estilet\u00e9ho syna a mus\u00edm \u0159\u00edct, \u017ee \u010das bych v\u016fbec nikdy nevracela. Mo\u017en\u00e1 jen to, \u017ee jsem si d\u00edt\u011b u\u017e m\u011bla po\u0159\u00eddit d\u0159\u00edv. A jak\u00e1 l\u00e1ska je pro v\u00e1s ta nejkr\u00e1sn\u011bj\u0161\u00ed a ta nejv\u011bt\u0161\u00ed? J\u00e1 sama v\u00edm, \u017ee mate\u0159sk\u00e1 l\u00e1ska je pro m\u011b naprosto ta nejv\u011bt\u0161\u00ed a nic ji nep\u0159ekon\u00e1. A kdybych nem\u011bla d\u011bti? Mrzelo by m\u011b to a cht\u011bla bych d\u00edt\u011b adoptovat.\u00a0                                                                                                                                                                                                                                                                                                                                                                                        4.2\/5 - (10 votes)        "},{"@context":"https:\/\/schema.org\/","@type":"BreadcrumbList","itemListElement":[{"@type":"ListItem","position":1,"name":"Kr\u00e1sn\u00e1 l\u00e1ska","item":"https:\/\/www.myvy.cz\/krasna-laska\/#breadcrumbitem"}]}]