[{"@context":"https:\/\/schema.org\/","@type":"Article","@id":"https:\/\/www.myvy.cz\/komu-vdecime-za-svetlo\/#Article","mainEntityOfPage":"https:\/\/www.myvy.cz\/komu-vdecime-za-svetlo\/","headline":"Komu vd\u011b\u010d\u00edme za sv\u011btlo?","name":"Komu vd\u011b\u010d\u00edme za sv\u011btlo?","description":"Ve dne je v\u0161echno jasn\u00e9. T\u0159eba i jenom proto, \u017ee sv\u00edt\u00ed slunce a my tud\u00ed\u017e m\u00e1me jasno v\u0161ude, kam jenom mohou jeho paprsky dopadnout. I venku, i v nejr\u016fzn\u011bj\u0161\u00edch budov\u00e1ch [&hellip;]","datePublished":"2022-07-08","dateModified":"2023-05-30","author":{"@type":"Person","@id":"https:\/\/www.myvy.cz\/author\/#Person","name":"","url":"https:\/\/www.myvy.cz\/author\/","identifier":1,"image":{"@type":"ImageObject","@id":"https:\/\/secure.gravatar.com\/avatar\/4faace62981be50719be6a25151192978e6d585737a520836dcb98934de3bb45?s=96&d=mm&r=g","url":"https:\/\/secure.gravatar.com\/avatar\/4faace62981be50719be6a25151192978e6d585737a520836dcb98934de3bb45?s=96&d=mm&r=g","height":96,"width":96}},"publisher":{"@type":"Organization","name":"myvy.cz","logo":{"@type":"ImageObject","@id":"\/logo.png","url":"\/logo.png","width":600,"height":60}},"image":{"@type":"ImageObject","@id":"https:\/\/www.myvy.cz\/wp-content\/uploads\/elektrick%C3%A9%20osv%C4%9Btlen%C3%AD_1.jpg","url":"https:\/\/www.myvy.cz\/wp-content\/uploads\/elektrick%C3%A9%20osv%C4%9Btlen%C3%AD_1.jpg","height":0,"width":0},"url":"https:\/\/www.myvy.cz\/komu-vdecime-za-svetlo\/","about":["Business"],"wordCount":413,"articleBody":"   Ve dne je v\u0161echno jasn\u00e9. T\u0159eba i jenom proto, \u017ee sv\u00edt\u00ed slunce a my tud\u00ed\u017e m\u00e1me jasno v\u0161ude, kam jenom mohou jeho paprsky dopadnout. I venku, i v nejr\u016fzn\u011bj\u0161\u00edch budov\u00e1ch s okny, i leckde jinde. A nejen \u017ee tu m\u00e1me d\u00edky slunci dost sv\u011btla, nen\u00ed-li toto zrovna za obzvl\u00e1\u0161\u0165 hust\u00fdmi mraky, ale toto n\u00e1m dop\u0159\u00e1v\u00e1 obvykle i n\u011bjak\u00e9 to teplo.Ale co kdy\u017e zrovna slunce nesv\u00edt\u00ed a neh\u0159eje? Co potom?Potom bychom v \u00e9\u0159e na\u0161ich p\u0159edk\u016f n\u011bkam zalezli, schoulili se v tlup\u011b k sob\u011b a do klub\u00ed\u010dka a spali bychom, dokud by se zase nerozednilo. Co\u017e u\u017e ale v dne\u0161n\u00ed dob\u011b pochopiteln\u011b mo\u017en\u00e9 nen\u00ed. Kdybychom v sou\u010dasnosti vst\u00e1vali a\u017e tehdy, kdy\u017e slunce vystoup\u00e1 dost vysoko na oblohu, kdybychom pracovali jen tak dlouho, jak je venku vid\u011bt, a kdybychom odm\u00edtali vyt\u00e1hnout paty z domu, kdy\u017e je n\u00e1m zima, velice rychle bychom p\u0159i\u0161li o pr\u00e1ci a t\u00edm i o existen\u010dn\u00ed jistoty. Co\u017e si ale dne\u0161n\u00ed lid\u00e9 nemohou dovolit.A na\u0161t\u011bst\u00ed u\u017e nejsme odk\u00e1zan\u00ed jenom na zm\u00edn\u011bn\u00e9 slunce. Dnes u\u017e si m\u016f\u017eeme jak posv\u00edtit, tak i zatopit t\u0159eba i s pomoc\u00ed elekt\u0159iny. Kter\u00e1 je k podobn\u00fdm \u00fa\u010del\u016fm vlast\u011b skoro ide\u00e1ln\u00ed. Proto\u017ee se k n\u00e1m tato p\u0159iv\u00e1d\u00ed docela snadno, elektrick\u00e9 spot\u0159ebi\u010de se docela snadno obsluhuj\u00ed a proudem si ani nic nezne\u010dist\u00edme, ani z n\u011bj nemus\u00edme d\u00fdchat n\u011bjak\u00e9 zplodiny. Skoro by se tedy dalo \u0159\u00edci, \u017ee je elekt\u0159ina dokonal\u00e1. Kdyby nebylo dejme tomu jej\u00edch vysok\u00fdch a nad\u00e1le rostouc\u00edch cen. A kdyby tak\u00e9 tato v\u017edy fungovala automaticky tak, jak se to o\u010dek\u00e1v\u00e1.Jen\u017ee elekt\u0159ina k n\u00e1m sama nedoputuje. A i kdy\u017e n\u00e1m n\u011bkdo vybuduje elektrick\u00e9 veden\u00ed, rozvody a v\u0161e, co s t\u00edm souvis\u00ed, nemus\u00ed b\u00fdt je\u0161t\u011b dob\u0159e. Elektroinstalace Technologie budov se toti\u017e mus\u00ed nejen vybudovat, ale n\u00e1sledn\u011b i kontrolovat a udr\u017eovat \u010di opravovat, aby tu v\u0161e bylo takov\u00e9, jak\u00e9 to m\u00e1 b\u00fdt. Proto\u017ee bez p\u00e9\u010de o elektroinstalace bychom d\u0159\u00edve \u010di pozd\u011bji skon\u010dili ve stejn\u00e9 pozici jako na\u0161i d\u00e1vn\u00ed p\u0159edci. A to se u\u017e dnes ned\u00e1 akceptovat.                                                                                                                                                                                                                                                                                                                                                                                          4.7\/5 - (6 votes)        "},{"@context":"https:\/\/schema.org\/","@type":"BreadcrumbList","itemListElement":[{"@type":"ListItem","position":1,"name":"Komu vd\u011b\u010d\u00edme za sv\u011btlo?","item":"https:\/\/www.myvy.cz\/komu-vdecime-za-svetlo\/#breadcrumbitem"}]}]