[{"@context":"https:\/\/schema.org\/","@type":"Article","@id":"https:\/\/www.myvy.cz\/jak-mit-proud-zadarmo\/#Article","mainEntityOfPage":"https:\/\/www.myvy.cz\/jak-mit-proud-zadarmo\/","headline":"Jak m\u00edt proud zadarmo?","name":"Jak m\u00edt proud zadarmo?","description":"Stalo se u\u017e naprostou samoz\u0159ejmost\u00ed, \u017ee my lid\u00e9 vyu\u017e\u00edv\u00e1me ke sv\u00e9mu \u017eivotu mnoha nejr\u016fzn\u011bj\u0161\u00edmi zp\u016fsoby elektrickou energii. Ta u\u017e se u n\u00e1s roz\u0161\u00ed\u0159ila natolik, \u017ee nenajdeme \u010dlov\u011bka, kter\u00fd by ji [&hellip;]","datePublished":"2024-05-15","dateModified":"2024-05-15","author":{"@type":"Person","@id":"https:\/\/www.myvy.cz\/author\/#Person","name":"","url":"https:\/\/www.myvy.cz\/author\/","identifier":1,"image":{"@type":"ImageObject","@id":"https:\/\/secure.gravatar.com\/avatar\/4faace62981be50719be6a25151192978e6d585737a520836dcb98934de3bb45?s=96&d=mm&r=g","url":"https:\/\/secure.gravatar.com\/avatar\/4faace62981be50719be6a25151192978e6d585737a520836dcb98934de3bb45?s=96&d=mm&r=g","height":96,"width":96}},"publisher":{"@type":"Organization","name":"myvy.cz","logo":{"@type":"ImageObject","@id":"\/logo.png","url":"\/logo.png","width":600,"height":60}},"image":{"@type":"ImageObject","@id":"https:\/\/www.myvy.cz\/wp-content\/uploads\/ssssssssssssssssssssssssssssss_4.jpg","url":"https:\/\/www.myvy.cz\/wp-content\/uploads\/ssssssssssssssssssssssssssssss_4.jpg","height":0,"width":0},"url":"https:\/\/www.myvy.cz\/jak-mit-proud-zadarmo\/","wordCount":409,"articleBody":"   Stalo se u\u017e naprostou samoz\u0159ejmost\u00ed, \u017ee my lid\u00e9 vyu\u017e\u00edv\u00e1me ke sv\u00e9mu \u017eivotu mnoha nejr\u016fzn\u011bj\u0161\u00edmi zp\u016fsoby elektrickou energii. Ta u\u017e se u n\u00e1s roz\u0161\u00ed\u0159ila natolik, \u017ee nenajdeme \u010dlov\u011bka, kter\u00fd by ji neznal. A nepou\u017e\u00edvaj\u00ed ji snad jedin\u011b neplati\u010di, a to je\u0161t\u011b pouze nedobrovoln\u011b a ke sv\u00e9 \u0161kod\u011b. Ka\u017ed\u00fd norm\u00e1ln\u00ed \u010dlov\u011bk m\u00e1 k sob\u011b elekt\u0159inu zavedenou a tato mu docela dob\u0159e slou\u017e\u00ed. V\u00edte k \u010demu, tak\u017ee o tom se tu te\u010f rozepisovat nebudu. Ale k \u010demu je tak\u00e9 elekt\u0159ina? P\u0159ece k vzteku. A to tehdy, kdy\u017e n\u00e1m za ni p\u0159ijde \u00fa\u010det. Kdy\u017e se pod\u00edv\u00e1me na \u010d\u00e1stky, kter\u00e9 po n\u00e1s dodavatel\u00e9 cht\u011bj\u00ed, je n\u00e1m z toho ne zrovna nejl\u00e9pe, \u010dasto n\u00e1s to dokonce vyd\u011bs\u00ed, a to zejm\u00e9na srovn\u00e1me-li tyto ceny s cenovou hladinou, je\u017e tu byla dokonce i p\u0159ed pouh\u00fdmi p\u00e1r lety.Zkratka a dob\u0159e elekt\u0159ina podra\u017eila stejn\u011b jako v\u0161echno ostatn\u00ed. A jej\u00ed cena tak mnoh\u00e9 z n\u00e1s tr\u00e1p\u00ed. Ale plat\u00edme za ni. Nic jin\u00e9ho n\u00e1m nezb\u00fdv\u00e1, proto\u017ee tuto energii jednodu\u0161e mus\u00edme m\u00edt. Co bychom si bez n\u00ed po\u010dali? Ale p\u0159esto jsou tu lid\u00e9, kte\u0159\u00ed u\u017e podobn\u00e9 vysok\u00e9 ceny neplat\u00ed, a p\u0159esto elekt\u0159inu k dispozici maj\u00ed. A o koho se jedn\u00e1?P\u0159ece o ty, kdo si po\u0159\u00eddili fotovoltaick\u00e9 zdroje elekt\u0159iny a vyr\u00e1b\u011bj\u00ed si tuto tedy sami. Vlo\u017eili pen\u00edze do koup\u011b podobn\u00fdch za\u0159\u00edzen\u00ed, mnohdy jim cenov\u011b zv\u00fdhodnila ony dotace na sol\u00e1rn\u00ed panely na st\u0159echu , a tak se tito dnes nemus\u00ed v\u00edce vzru\u0161ovat t\u00edm, kolik po nich zase budou energetici cht\u00edt. Proto\u017ee po nich u\u017e nemaj\u00ed co cht\u00edt. Kdo neodeb\u00edr\u00e1 elekt\u0159inu od distributor\u016f, ten za ni p\u0159ece neplat\u00ed. A kdo ji m\u00e1 od slunce, ten neplat\u00ed jakbysmet. A co vy? Vy je\u0161t\u011b po\u0159\u00e1d za elekt\u0159inu plat\u00edte? Nebo u\u017e jste si tak\u00e9 obstarali sol\u00e1rn\u00ed panely a m\u00e1te d\u00edky tomu na l\u00e9ta o elekt\u0159inu zdarma postar\u00e1no? Anebo aspo\u0148 zva\u017eujete, zda si tak\u00e9 n\u011bjak\u00e9 ty fotovoltaick\u00e9 \u010dl\u00e1nky po\u0159\u00edd\u00edte, co\u017e pat\u0159\u00ed pochopiteln\u011b mezi chytr\u00e9 n\u00e1pady, na kter\u00e9 byste ur\u010dit\u011b nem\u011bli zapomenout?                                                                                                                                                                                                                                                                                                                                                                                          3\/5 - (6 votes)        "},{"@context":"https:\/\/schema.org\/","@type":"BreadcrumbList","itemListElement":[{"@type":"ListItem","position":1,"name":"Jak m\u00edt proud zadarmo?","item":"https:\/\/www.myvy.cz\/jak-mit-proud-zadarmo\/#breadcrumbitem"}]}]