[{"@context":"https:\/\/schema.org\/","@type":"Article","@id":"https:\/\/www.myvy.cz\/cloveku-je-dobre-v-teple\/#Article","mainEntityOfPage":"https:\/\/www.myvy.cz\/cloveku-je-dobre-v-teple\/","headline":"\u010clov\u011bku je dob\u0159e v teple","name":"\u010clov\u011bku je dob\u0159e v teple","description":"Lidem je dob\u0159e, kdy\u017e se c\u00edt\u00ed dob\u0159e. A dob\u0159e se c\u00edt\u00ed samoz\u0159ejm\u011b tehdy, kdy\u017e je nic nebol\u00ed a naopak je obklopuje prost\u0159ed\u00ed, kter\u00e9 pln\u011b uspokojuje to, co se pova\u017euje za [&hellip;]","datePublished":"2022-07-23","dateModified":"2024-02-12","author":{"@type":"Person","@id":"https:\/\/www.myvy.cz\/author\/#Person","name":"","url":"https:\/\/www.myvy.cz\/author\/","identifier":1,"image":{"@type":"ImageObject","@id":"https:\/\/secure.gravatar.com\/avatar\/4faace62981be50719be6a25151192978e6d585737a520836dcb98934de3bb45?s=96&d=mm&r=g","url":"https:\/\/secure.gravatar.com\/avatar\/4faace62981be50719be6a25151192978e6d585737a520836dcb98934de3bb45?s=96&d=mm&r=g","height":96,"width":96}},"publisher":{"@type":"Organization","name":"myvy.cz","logo":{"@type":"ImageObject","@id":"\/logo.png","url":"\/logo.png","width":600,"height":60}},"image":{"@type":"ImageObject","@id":"https:\/\/www.myvy.cz\/wp-content\/uploads\/d%C5%99ev%C4%9Bn%C3%BD%20teplom%C4%9Br_3.jpg","url":"https:\/\/www.myvy.cz\/wp-content\/uploads\/d%C5%99ev%C4%9Bn%C3%BD%20teplom%C4%9Br_3.jpg","height":0,"width":0},"url":"https:\/\/www.myvy.cz\/cloveku-je-dobre-v-teple\/","wordCount":457,"articleBody":"   Lidem je dob\u0159e, kdy\u017e se c\u00edt\u00ed dob\u0159e. A dob\u0159e se c\u00edt\u00ed samoz\u0159ejm\u011b tehdy, kdy\u017e je nic nebol\u00ed a naopak je obklopuje prost\u0159ed\u00ed, kter\u00e9 pln\u011b uspokojuje to, co se pova\u017euje za dobr\u00e9 pocity. A i kdy\u017e se v tomto ohledu my lid\u00e9 docela li\u0161\u00edme jeden od druh\u00e9ho, i kdy\u017e jeden se c\u00edt\u00ed dob\u0159e v takov\u00e9m a jin\u00fd onak\u00e9m prost\u0159ed\u00ed a i u jednotlivc\u016f se ide\u00e1ln\u00ed prost\u0159ed\u00ed vlastn\u011b m\u016f\u017ee m\u011bnit i podle jejich moment\u00e1ln\u00ed situace a rozpolo\u017een\u00ed, jedno je jist\u00e9. \u017de je n\u00e1m lidem dob\u0159e, kdy\u017e n\u00e1m nen\u00ed zima. V\u017edy\u0165 kolikr\u00e1t jenom preferujeme dokonce i ono zn\u00e1m\u00e9 \u201esmr\u00e1dek, ale tepl\u00ed\u010dko\u201c!Prost\u011b je n\u00e1m dob\u0159e, kdy\u017e se nikde netetel\u00edme zimou. A proto\u017ee se u n\u00e1s v p\u0159\u00edrod\u011b teploty pr\u016fb\u011b\u017en\u011b m\u011bn\u00ed, kol\u00edsaj\u00ed jednou sm\u011brem nahoru a jindy dol\u016f, je dob\u0159e, \u017ee m\u00e1me mo\u017enost si i zatopit. A t\u00edm skoncovat s chladem nebo t\u0159eba i mrazem, kdykoliv se n\u00e1m to jenom zl\u00edb\u00ed. Aspo\u0148 doposud, kdy je\u0161t\u011b m\u00e1me na to, abychom finan\u010dn\u011b ut\u00e1hli zdra\u017euj\u00edc\u00ed energie.A jak se top\u00ed? To je n\u00e1m v\u0161em v obecn\u00e9 rovin\u011b zn\u00e1mo. N\u011bjak\u00e1 ta kamna nebo topen\u00ed zn\u00e1me v\u0161ichni, a\u0165 u\u017e z re\u00e1ln\u00e9ho \u017eivota nebo aspo\u0148 z obr\u00e1zk\u016f, reklamn\u00edch nab\u00eddek i vypr\u00e1v\u011bn\u00ed. Ale v\u011bt\u0161inou zn\u00e1me takov\u00e1 topn\u00e1 t\u011blesa, je\u017e u\u017e jsou d\u00e1vno zn\u00e1m\u00e1, a tedy zastar\u00e1vaj\u00edc\u00ed.Zn\u00e1me kamna na d\u0159evo a uhl\u00ed, jen\u017ee ta maj\u00ed tu neblahou vlastnost, \u017eere n\u00e1m zamo\u0159uj\u00ed ovzdu\u0161\u00ed. Zn\u00e1me kamna elektrick\u00e1, u kter\u00fdch se ale mus\u00ed lovit st\u00e1le hloub\u011bji v pen\u011b\u017eence, jak je jejich pou\u017e\u00edv\u00e1n\u00ed vzhledem k cen\u011b elekt\u0159iny drah\u00e9. Zn\u00e1me kamna plynov\u00e1 i naftov\u00e1, jejich\u017e osud dnes ale z\u00e1vis\u00ed sp\u00ed\u0161e na dal\u0161\u00edm v\u00fdvoji v Rusku a na Ukrajin\u011b.A t\u00edm, co naopak zn\u00e1me ke sv\u00e9 sm\u016fle m\u00e9n\u011b, jsou tepeln\u00e1 \u010derpadla. Tedy vyt\u00e1p\u011bn\u00ed ide\u00e1ln\u00ed jak pro novostavby, tak i pro modernizaci st\u00e1vaj\u00edc\u00edch budov.Takov\u00e1 \u010derpadla Olomouc jsou prost\u011b hitem dne\u0161n\u00ed doby. Nab\u00edzej\u00ed maxim\u00e1ln\u00ed \u00fa\u010dinnost p\u0159i minim\u00e1ln\u00ed energetick\u00e9 n\u00e1ro\u010dnosti, a to je pr\u00e1v\u011b to, co dnes hraje v\u00fdznamnou \u00falohu v na\u0161ich \u017eivotech. Proto\u017ee chceme teplo, ale nechceme, aby n\u00e1m p\u0159i placen\u00ed b\u011bhal mr\u00e1z po z\u00e1dech. A to lze u t\u011bchto \u010derpadel o\u010dek\u00e1vat.                                                                                                                                                                                                                                                                                                                                                                                          4.2\/5 - (4 votes)        "},{"@context":"https:\/\/schema.org\/","@type":"BreadcrumbList","itemListElement":[{"@type":"ListItem","position":1,"name":"\u010clov\u011bku je dob\u0159e v teple","item":"https:\/\/www.myvy.cz\/cloveku-je-dobre-v-teple\/#breadcrumbitem"}]}]