{"@context":"https:\/\/schema.org\/","@type":"CollectionPage","@id":"https:\/\/www.myvy.cz\/business\/#CollectionPage","headline":"Business Category","description":"","url":"https:\/\/www.myvy.cz\/business\/","hasPart":[{"@type":"Article","@id":"https:\/\/www.myvy.cz\/proc-jsou-barvy-dulezite-i-v-marketingu\/","headline":"Pro\u010d jsou barvy d\u016fle\u017eit\u00e9 i v marketingu?","url":"https:\/\/www.myvy.cz\/proc-jsou-barvy-dulezite-i-v-marketingu\/","datePublished":"2025-01-13","dateModified":"2025-01-13","mainEntityOfPage":"https:\/\/www.myvy.cz\/proc-jsou-barvy-dulezite-i-v-marketingu\/","author":{"@type":"Person","@id":"https:\/\/www.myvy.cz\/author\/#Person","name":"","url":"https:\/\/www.myvy.cz\/author\/","identifier":1,"image":{"@type":"ImageObject","@id":"https:\/\/secure.gravatar.com\/avatar\/4faace62981be50719be6a25151192978e6d585737a520836dcb98934de3bb45?s=96&d=mm&r=g","url":"https:\/\/secure.gravatar.com\/avatar\/4faace62981be50719be6a25151192978e6d585737a520836dcb98934de3bb45?s=96&d=mm&r=g","height":96,"width":96}},"publisher":{"@type":"Organization","name":"myvy.cz","logo":{"@type":"ImageObject","@id":"\/logo.png","url":"\/logo.png","width":600,"height":60}},"image":{"@type":"ImageObject","@id":"https:\/\/www.myvy.cz\/wp-content\/uploads\/pexels-anntarazevich-5435073.jpg","url":"https:\/\/www.myvy.cz\/wp-content\/uploads\/pexels-anntarazevich-5435073.jpg","height":0,"width":0},"keywords":null},{"@type":"Article","@id":"https:\/\/www.myvy.cz\/letni-slunovrat-v-ceskych-budejovicich\/","headline":"Letn\u00ed slunovrat v \u010cesk\u00fdch Bud\u011bjovic\u00edch","url":"https:\/\/www.myvy.cz\/letni-slunovrat-v-ceskych-budejovicich\/","datePublished":"2024-12-10","dateModified":"2024-12-10","mainEntityOfPage":"https:\/\/www.myvy.cz\/letni-slunovrat-v-ceskych-budejovicich\/","author":{"@type":"Person","@id":"https:\/\/www.myvy.cz\/author\/#Person","name":"","url":"https:\/\/www.myvy.cz\/author\/","identifier":1,"image":{"@type":"ImageObject","@id":"https:\/\/secure.gravatar.com\/avatar\/4faace62981be50719be6a25151192978e6d585737a520836dcb98934de3bb45?s=96&d=mm&r=g","url":"https:\/\/secure.gravatar.com\/avatar\/4faace62981be50719be6a25151192978e6d585737a520836dcb98934de3bb45?s=96&d=mm&r=g","height":96,"width":96}},"publisher":{"@type":"Organization","name":"myvy.cz","logo":{"@type":"ImageObject","@id":"\/logo.png","url":"\/logo.png","width":600,"height":60}},"image":{"@type":"ImageObject","@id":"https:\/\/www.myvy.cz\/wp-content\/uploads\/czech-4489869_640_10_7.jpg","url":"https:\/\/www.myvy.cz\/wp-content\/uploads\/czech-4489869_640_10_7.jpg","height":0,"width":0},"keywords":null},{"@type":"Article","@id":"https:\/\/www.myvy.cz\/vase-firma-nema-logo\/","headline":"Va\u0161e firma nem\u00e1 logo?","url":"https:\/\/www.myvy.cz\/vase-firma-nema-logo\/","datePublished":"2023-04-14","dateModified":"2023-06-02","mainEntityOfPage":"https:\/\/www.myvy.cz\/vase-firma-nema-logo\/","author":{"@type":"Person","@id":"https:\/\/www.myvy.cz\/author\/#Person","name":"","url":"https:\/\/www.myvy.cz\/author\/","identifier":1,"image":{"@type":"ImageObject","@id":"https:\/\/secure.gravatar.com\/avatar\/4faace62981be50719be6a25151192978e6d585737a520836dcb98934de3bb45?s=96&d=mm&r=g","url":"https:\/\/secure.gravatar.com\/avatar\/4faace62981be50719be6a25151192978e6d585737a520836dcb98934de3bb45?s=96&d=mm&r=g","height":96,"width":96}},"publisher":{"@type":"Organization","name":"myvy.cz","logo":{"@type":"ImageObject","@id":"\/logo.png","url":"\/logo.png","width":600,"height":60}},"image":{"@type":"ImageObject","@id":"https:\/\/www.myvy.cz\/wp-content\/uploads\/desk-g4b8251af3_640_7.jpg","url":"https:\/\/www.myvy.cz\/wp-content\/uploads\/desk-g4b8251af3_640_7.jpg","height":0,"width":0},"keywords":null},{"@type":"Article","@id":"https:\/\/www.myvy.cz\/vysoka-trava-uz-nebude-problem\/","headline":"Vysok\u00e1 tr\u00e1va u\u017e nebude probl\u00e9m","url":"https:\/\/www.myvy.cz\/vysoka-trava-uz-nebude-problem\/","datePublished":"2023-02-10","dateModified":"2023-05-30","mainEntityOfPage":"https:\/\/www.myvy.cz\/vysoka-trava-uz-nebude-problem\/","author":{"@type":"Person","@id":"https:\/\/www.myvy.cz\/author\/#Person","name":"","url":"https:\/\/www.myvy.cz\/author\/","identifier":1,"image":{"@type":"ImageObject","@id":"https:\/\/secure.gravatar.com\/avatar\/4faace62981be50719be6a25151192978e6d585737a520836dcb98934de3bb45?s=96&d=mm&r=g","url":"https:\/\/secure.gravatar.com\/avatar\/4faace62981be50719be6a25151192978e6d585737a520836dcb98934de3bb45?s=96&d=mm&r=g","height":96,"width":96}},"publisher":{"@type":"Organization","name":"myvy.cz","logo":{"@type":"ImageObject","@id":"\/logo.png","url":"\/logo.png","width":600,"height":60}},"image":{"@type":"ImageObject","@id":"https:\/\/www.myvy.cz\/wp-content\/uploads\/lawn-mower-gd5b70abd6_640_5.jpg","url":"https:\/\/www.myvy.cz\/wp-content\/uploads\/lawn-mower-gd5b70abd6_640_5.jpg","height":0,"width":0},"keywords":null},{"@type":"Article","@id":"https:\/\/www.myvy.cz\/tipy-na-filmy-s-sokujicim-koncem\/","headline":"Tipy na filmy s \u0161okuj\u00edc\u00edm koncem","url":"https:\/\/www.myvy.cz\/tipy-na-filmy-s-sokujicim-koncem\/","datePublished":"2022-12-26","dateModified":"2023-05-30","mainEntityOfPage":"https:\/\/www.myvy.cz\/tipy-na-filmy-s-sokujicim-koncem\/","author":{"@type":"Person","@id":"https:\/\/www.myvy.cz\/author\/#Person","name":"","url":"https:\/\/www.myvy.cz\/author\/","identifier":1,"image":{"@type":"ImageObject","@id":"https:\/\/secure.gravatar.com\/avatar\/4faace62981be50719be6a25151192978e6d585737a520836dcb98934de3bb45?s=96&d=mm&r=g","url":"https:\/\/secure.gravatar.com\/avatar\/4faace62981be50719be6a25151192978e6d585737a520836dcb98934de3bb45?s=96&d=mm&r=g","height":96,"width":96}},"publisher":{"@type":"Organization","name":"myvy.cz","logo":{"@type":"ImageObject","@id":"\/logo.png","url":"\/logo.png","width":600,"height":60}},"image":{"@type":"ImageObject","@id":"https:\/\/www.myvy.cz\/wp-content\/uploads\/pexels-pietro-jeng-65128.jpg","url":"https:\/\/www.myvy.cz\/wp-content\/uploads\/pexels-pietro-jeng-65128.jpg","height":0,"width":0},"keywords":null},{"@type":"Article","@id":"https:\/\/www.myvy.cz\/pruzkumy-verejneho-mineni-maji-znacny-vliv-na-verejnost\/","headline":"Pr\u016fzkumy ve\u0159ejn\u00e9ho m\u00edn\u011bn\u00ed maj\u00ed zna\u010dn\u00fd vliv na ve\u0159ejnost","url":"https:\/\/www.myvy.cz\/pruzkumy-verejneho-mineni-maji-znacny-vliv-na-verejnost\/","datePublished":"2022-12-03","dateModified":"2023-05-30","mainEntityOfPage":"https:\/\/www.myvy.cz\/pruzkumy-verejneho-mineni-maji-znacny-vliv-na-verejnost\/","author":{"@type":"Person","@id":"https:\/\/www.myvy.cz\/author\/#Person","name":"","url":"https:\/\/www.myvy.cz\/author\/","identifier":1,"image":{"@type":"ImageObject","@id":"https:\/\/secure.gravatar.com\/avatar\/4faace62981be50719be6a25151192978e6d585737a520836dcb98934de3bb45?s=96&d=mm&r=g","url":"https:\/\/secure.gravatar.com\/avatar\/4faace62981be50719be6a25151192978e6d585737a520836dcb98934de3bb45?s=96&d=mm&r=g","height":96,"width":96}},"publisher":{"@type":"Organization","name":"myvy.cz","logo":{"@type":"ImageObject","@id":"\/logo.png","url":"\/logo.png","width":600,"height":60}},"image":{"@type":"ImageObject","@id":"https:\/\/www.myvy.cz\/wp-content\/uploads\/graphic-design-studio-1563080_640.jpg","url":"https:\/\/www.myvy.cz\/wp-content\/uploads\/graphic-design-studio-1563080_640.jpg","height":0,"width":0},"keywords":null},{"@type":"Article","@id":"https:\/\/www.myvy.cz\/jak-usetrit-na-nakupu-obleceni\/","headline":"Jak u\u0161et\u0159it na n\u00e1kupu oble\u010den\u00ed","url":"https:\/\/www.myvy.cz\/jak-usetrit-na-nakupu-obleceni\/","datePublished":"2022-11-30","dateModified":"2023-05-30","mainEntityOfPage":"https:\/\/www.myvy.cz\/jak-usetrit-na-nakupu-obleceni\/","author":{"@type":"Person","@id":"https:\/\/www.myvy.cz\/author\/#Person","name":"","url":"https:\/\/www.myvy.cz\/author\/","identifier":1,"image":{"@type":"ImageObject","@id":"https:\/\/secure.gravatar.com\/avatar\/4faace62981be50719be6a25151192978e6d585737a520836dcb98934de3bb45?s=96&d=mm&r=g","url":"https:\/\/secure.gravatar.com\/avatar\/4faace62981be50719be6a25151192978e6d585737a520836dcb98934de3bb45?s=96&d=mm&r=g","height":96,"width":96}},"publisher":{"@type":"Organization","name":"myvy.cz","logo":{"@type":"ImageObject","@id":"\/logo.png","url":"\/logo.png","width":600,"height":60}},"image":{"@type":"ImageObject","@id":"https:\/\/www.myvy.cz\/wp-content\/uploads\/limited-time-offer-g7bb3e6483_640.png","url":"https:\/\/www.myvy.cz\/wp-content\/uploads\/limited-time-offer-g7bb3e6483_640.png","height":0,"width":0},"keywords":null},{"@type":"Article","@id":"https:\/\/www.myvy.cz\/nenechte-si-zkazit-vanoce-prasklou-vodou-ve-zdi\/","headline":"Nenechte si zkazit V\u00e1noce prasklou vodou ve zdi","url":"https:\/\/www.myvy.cz\/nenechte-si-zkazit-vanoce-prasklou-vodou-ve-zdi\/","datePublished":"2022-11-13","dateModified":"2023-05-30","mainEntityOfPage":"https:\/\/www.myvy.cz\/nenechte-si-zkazit-vanoce-prasklou-vodou-ve-zdi\/","author":{"@type":"Person","@id":"https:\/\/www.myvy.cz\/author\/#Person","name":"","url":"https:\/\/www.myvy.cz\/author\/","identifier":1,"image":{"@type":"ImageObject","@id":"https:\/\/secure.gravatar.com\/avatar\/4faace62981be50719be6a25151192978e6d585737a520836dcb98934de3bb45?s=96&d=mm&r=g","url":"https:\/\/secure.gravatar.com\/avatar\/4faace62981be50719be6a25151192978e6d585737a520836dcb98934de3bb45?s=96&d=mm&r=g","height":96,"width":96}},"publisher":{"@type":"Organization","name":"myvy.cz","logo":{"@type":"ImageObject","@id":"\/logo.png","url":"\/logo.png","width":600,"height":60}},"image":{"@type":"ImageObject","@id":"https:\/\/www.myvy.cz\/wp-content\/uploads\/pincers-g59cb1a5e3_640.jpg","url":"https:\/\/www.myvy.cz\/wp-content\/uploads\/pincers-g59cb1a5e3_640.jpg","height":0,"width":0},"keywords":null},{"@type":"Article","@id":"https:\/\/www.myvy.cz\/bezpecnost-na-prvnim-miste\/","headline":"Bezpe\u010dnost na prvn\u00edm m\u00edst\u011b","url":"https:\/\/www.myvy.cz\/bezpecnost-na-prvnim-miste\/","datePublished":"2022-11-05","dateModified":"2023-05-30","mainEntityOfPage":"https:\/\/www.myvy.cz\/bezpecnost-na-prvnim-miste\/","author":{"@type":"Person","@id":"https:\/\/www.myvy.cz\/author\/#Person","name":"","url":"https:\/\/www.myvy.cz\/author\/","identifier":1,"image":{"@type":"ImageObject","@id":"https:\/\/secure.gravatar.com\/avatar\/4faace62981be50719be6a25151192978e6d585737a520836dcb98934de3bb45?s=96&d=mm&r=g","url":"https:\/\/secure.gravatar.com\/avatar\/4faace62981be50719be6a25151192978e6d585737a520836dcb98934de3bb45?s=96&d=mm&r=g","height":96,"width":96}},"publisher":{"@type":"Organization","name":"myvy.cz","logo":{"@type":"ImageObject","@id":"\/logo.png","url":"\/logo.png","width":600,"height":60}},"image":{"@type":"ImageObject","@id":"https:\/\/www.myvy.cz\/wp-content\/uploads\/sign-1732791_960_720.jpg","url":"https:\/\/www.myvy.cz\/wp-content\/uploads\/sign-1732791_960_720.jpg","height":0,"width":0},"keywords":null},{"@type":"Article","@id":"https:\/\/www.myvy.cz\/citlive-dokumenty-a-doklady-nechte-skartovat-profesionaly\/","headline":"Citliv\u00e9 dokumenty a doklady nechte skartovat profesion\u00e1ly","url":"https:\/\/www.myvy.cz\/citlive-dokumenty-a-doklady-nechte-skartovat-profesionaly\/","datePublished":"2022-09-29","dateModified":"2023-05-30","mainEntityOfPage":"https:\/\/www.myvy.cz\/citlive-dokumenty-a-doklady-nechte-skartovat-profesionaly\/","author":{"@type":"Person","@id":"https:\/\/www.myvy.cz\/author\/#Person","name":"","url":"https:\/\/www.myvy.cz\/author\/","identifier":1,"image":{"@type":"ImageObject","@id":"https:\/\/secure.gravatar.com\/avatar\/4faace62981be50719be6a25151192978e6d585737a520836dcb98934de3bb45?s=96&d=mm&r=g","url":"https:\/\/secure.gravatar.com\/avatar\/4faace62981be50719be6a25151192978e6d585737a520836dcb98934de3bb45?s=96&d=mm&r=g","height":96,"width":96}},"publisher":{"@type":"Organization","name":"myvy.cz","logo":{"@type":"ImageObject","@id":"\/logo.png","url":"\/logo.png","width":600,"height":60}},"image":{"@type":"ImageObject","@id":"https:\/\/www.myvy.cz\/wp-content\/uploads\/shredded-paper-g81be174ff_640.jpg","url":"https:\/\/www.myvy.cz\/wp-content\/uploads\/shredded-paper-g81be174ff_640.jpg","height":0,"width":0},"keywords":null}]}